{"id":4741,"date":"2025-10-08T16:16:00","date_gmt":"2025-10-08T15:16:00","guid":{"rendered":"https:\/\/innocean.es\/?post_type=noticias&#038;p=4741"},"modified":"2026-01-21T11:40:16","modified_gmt":"2026-01-21T10:40:16","slug":"la-moda-el-lenguaje-que-nunca-calla","status":"publish","type":"noticias","link":"https:\/\/innocean.es\/index.php\/noticias\/la-moda-el-lenguaje-que-nunca-calla\/","title":{"rendered":"La moda: el lenguaje que nunca calla"},"content":{"rendered":"\n<p>Desde siempre me ha apasionado la moda. Recuerdo que con tres a\u00f1os fui por primera vez a un estudio de baile y descubr\u00ed el flamenco. A partir de ese momento mi deseo se convirti\u00f3 en ser bailaora. El tema es que mi motivaci\u00f3n principal no fue el baile, fueron las faldas, las peinetas y por supuesto\u2026 poder usar tacones. Cuando vi a esas mujeres bailando al son de una guitarra vestidas como \u201cunas princesas flamencas con faldas de pepas\u201d, supe que quer\u00eda ser una de ellas.<\/p>\n\n\n\n<p>Finalmente, convenc\u00ed a mis padres de que me apuntaran y lleg\u00f3 el d\u00eda de comprar mi primer traje. Me sent\u00eda poderosa vestida as\u00ed. Esos colores, esos volantes y llevar flores en la cabeza, me hac\u00edan sentir como nunca me hab\u00eda sentido a mis apenas 3 a\u00f1os. En ese momento entend\u00ed el rol que tiene la moda y se convirti\u00f3 en uno de mis mayores aliados desde entonces.<\/p>\n\n\n\n<p>Hay quienes piensan que la moda es algo superficial. Tal vez porque nunca se han sentido atra\u00eddos por el proceso de compra, porque las tendencias los abruman o porque no han encontrado un estilo propio. Pero la realidad es otra: la ropa que usas influye. Y mucho.<\/p>\n\n\n\n<p>La moda no es solo funcional. Claro, un abrigo te protege del fr\u00edo. Pero no todos los abrigos cuentan la misma historia. Una trench coat vintage de Burberry no comunica lo mismo que una chaqueta de cuero de Vivienne Westwood. Y lo mismo pasa con quienes las llevan. La moda es comunicaci\u00f3n, posicionamiento, storytelling.<\/p>\n\n\n\n<p>Al final, somos nuestra propia valla publicitaria: con la ropa mostramos qui\u00e9nes somos, qu\u00e9 nos importa y c\u00f3mo queremos ser percibidos. Igual que una marca usa la publicidad para transmitir valores y diferenciarse, nosotros usamos el vestuario para proyectar nuestra personalidad y narrar nuestra historia.<\/p>\n\n\n\n<p>Lo queramos o no, siempre estamos comunicando algo con lo que llevamos puesto. Por eso conviene tomar las riendas de tu armario y vestirte en funci\u00f3n de c\u00f3mo quieres ser visto.<\/p>\n\n\n\n<p>Y si a\u00fan piensas que la moda no importa, recuerda la lecci\u00f3n de Miranda Priestly en <em>The Devil Wears Prada<\/em> sobre el famoso jersey azul cer\u00faleo: <em>\u201cEse azul representa millones de d\u00f3lares, y muchos puestos de trabajo. Crees que elegiste algo que te exime de la moda, pero llevas un jersey seleccionado para ti por personas como nosotros.\u201d<\/em><\/p>\n\n\n\n<p>Para entender la fuerza de la moda como lenguaje \u2014y como publicidad\u2014 basta recordar algunos hitos:<\/p>\n\n\n\n<ol start=\"1\" class=\"wp-block-list\">\n<li>El \u201cLittle Black Dress\u201d de Chanel, que convirti\u00f3 el negro en s\u00edmbolo eterno de elegancia.<\/li>\n\n\n\n<li>El traje blanco de John Travolta en <em>Fiebre del S\u00e1bado Noche<\/em>, que defini\u00f3 la est\u00e9tica disco y la convirti\u00f3 en estilo de vida.<\/li>\n\n\n\n<li>El \u201crevenge dress\u201d de la Princesa Diana, un look que habl\u00f3 m\u00e1s fuerte que cualquier titular.<\/li>\n\n\n\n<li>Las campa\u00f1as de Calvin Klein en los 90, que convirtieron la ropa interior en icono cultural y a Kate Moss en leyenda.<\/li>\n\n\n\n<li>Supreme x Louis Vuitton, la colaboraci\u00f3n que fusion\u00f3 lujo y streetwear, cambiando la industria para siempre.<\/li>\n\n\n\n<li>Audrey Hepburn en <em>Breakfast at Tiffany\u2019s<\/em> o Marilyn Monroe con su vestido blanco en <em>The Seven Year Itch<\/em>, looks que trascendieron el cine para volverse eternos.<\/li>\n\n\n\n<li>El uso de gafas de sol como accesorio infalible para personajes como Karl Lagerfeld, Anna Wintour o \u2026 Keanu Reeves en Matrix.<\/li>\n<\/ol>\n\n\n\n<p>La moda no es trivial. Es nuestro canal m\u00e1s visible y accesible para mostrar al mundo qui\u00e9nes somos \u2014o qui\u00e9nes queremos ser\u2014. Vestirse es, en realidad, el acto diario de <em>vender nuestro personaje<\/em>.<\/p>\n\n\n\n<p>Por <em><strong>Sofia Ungredda<\/strong><\/em>, <em>Digital Manager<\/em>.<\/p>\n\n\n\n<p><\/p>\n","protected":false},"excerpt":{"rendered":"<p>Desde siempre me ha apasionado la moda. Recuerdo que con tres a\u00f1os fui por primera vez a un estudio de baile y descubr\u00ed el flamenco. A partir de ese momento mi deseo se convirti\u00f3 en ser bailaora. El tema es que mi motivaci\u00f3n principal no fue el baile, fueron las faldas, las peinetas y por &#8230;<\/p>\n","protected":false},"author":1,"featured_media":4744,"menu_order":0,"comment_status":"open","ping_status":"open","template":"","format":"standard","meta":{"footnotes":""},"categorias_noticias":[92,48,98,119,77],"tags_noticias":[],"archivos_noticias":[],"class_list":["post-4741","noticias","type-noticias","status-publish","format-standard","has-post-thumbnail","hentry","categorias_noticias-actualidad","categorias_noticias-blog","categorias_noticias-digital","categorias_noticias-moda","categorias_noticias-noticias"],"_links":{"self":[{"href":"https:\/\/innocean.es\/index.php\/wp-json\/wp\/v2\/noticias\/4741","targetHints":{"allow":["GET"]}}],"collection":[{"href":"https:\/\/innocean.es\/index.php\/wp-json\/wp\/v2\/noticias"}],"about":[{"href":"https:\/\/innocean.es\/index.php\/wp-json\/wp\/v2\/types\/noticias"}],"author":[{"embeddable":true,"href":"https:\/\/innocean.es\/index.php\/wp-json\/wp\/v2\/users\/1"}],"replies":[{"embeddable":true,"href":"https:\/\/innocean.es\/index.php\/wp-json\/wp\/v2\/comments?post=4741"}],"version-history":[{"count":2,"href":"https:\/\/innocean.es\/index.php\/wp-json\/wp\/v2\/noticias\/4741\/revisions"}],"predecessor-version":[{"id":4743,"href":"https:\/\/innocean.es\/index.php\/wp-json\/wp\/v2\/noticias\/4741\/revisions\/4743"}],"wp:featuredmedia":[{"embeddable":true,"href":"https:\/\/innocean.es\/index.php\/wp-json\/wp\/v2\/media\/4744"}],"wp:attachment":[{"href":"https:\/\/innocean.es\/index.php\/wp-json\/wp\/v2\/media?parent=4741"}],"wp:term":[{"taxonomy":"categorias_noticias","embeddable":true,"href":"https:\/\/innocean.es\/index.php\/wp-json\/wp\/v2\/categorias_noticias?post=4741"},{"taxonomy":"tags_noticias","embeddable":true,"href":"https:\/\/innocean.es\/index.php\/wp-json\/wp\/v2\/tags_noticias?post=4741"},{"taxonomy":"archivos_noticias","embeddable":true,"href":"https:\/\/innocean.es\/index.php\/wp-json\/wp\/v2\/archivos_noticias?post=4741"}],"curies":[{"name":"wp","href":"https:\/\/api.w.org\/{rel}","templated":true}]}}