{"id":2306,"date":"2022-04-25T16:24:27","date_gmt":"2022-04-25T15:24:27","guid":{"rendered":"https:\/\/innocean.es\/?post_type=noticias&#038;p=2306"},"modified":"2022-05-06T10:38:42","modified_gmt":"2022-05-06T09:38:42","slug":"el-audio-el-nuevo-rey-el-podcast-esta-de-moda","status":"publish","type":"noticias","link":"https:\/\/innocean.es\/index.php\/noticias\/el-audio-el-nuevo-rey-el-podcast-esta-de-moda\/","title":{"rendered":"El audio, el nuevo rey. El podcast est\u00e1 de moda."},"content":{"rendered":"\n<p>De los creadores de \u201cel video es el rey\u201d, llega \u201cel audio es el rey\u201d. \u00bfQui\u00e9n nos lo iba a decir? Cuando la radio para muchos parec\u00eda un medio en v\u00edas de extinci\u00f3n llega el audio podcast, la nueva radio, y revienta las estad\u00edsticas. La radio no ha muerto, se ha reinventado gracias a internet y est\u00e1 m\u00e1s fuerte que nunca y creciendo.<\/p>\n\n\n\n<p class=\"has-medium-font-size\"><br><strong>Hablemos de cifras\u2026<\/strong><\/p>\n\n\n\n<p>Seg\u00fan datos de Deloitte, los podcasts tienen cerca de 1.000 millones de oyentes en todo el planeta y su mercado crece a un ritmo del 25%, con ingresos anuales de m\u00e1s de 900 millones de euros (su previsi\u00f3n para el 2025 se acerca a los 3.000 millones).<\/p>\n\n\n\n<p class=\"has-text-align-center has-luminous-vivid-orange-color has-text-color has-medium-font-size\"><strong><br>1.000 millones de oyentes en todo el planeta.<br>Ingresos anuales de m\u00e1s de 900 millones de euros.<\/strong><\/p>\n\n\n\n<p><br>Tal y como afirma el informe Global Podcast Listener Forecast 2021\u20132025 realizado por eMarketer, se estima que en 2022 el n\u00famero de oyentes de podcast aumente un 11%, siendo Espa\u00f1a uno de los pa\u00edses en los que m\u00e1s se notar\u00e1 ese crecimiento.<\/p>\n\n\n\n<p class=\"has-medium-font-size\"><br><strong>Nuestros h\u00e1bitos han cambiado tras la pandemia.<\/strong><\/p>\n\n\n\n<p>\u00bfPero c\u00f3mo hemos llegado a estos datos? \u00bfSer\u00e1 la pandemia y el confinamiento? Lo que est\u00e1 claro es que nuestras costumbres han cambiado. Estar encerrados en casa cambi\u00f3 nuestras rutinas, nuestro ocio e incluso c\u00f3mo mat\u00e1bamos el tiempo. \u00bfSer\u00e1 que nos aburrimos de todo y que necesit\u00e1bamos otro tipo de estimulaci\u00f3n?<\/p>\n\n\n\n<p><br>Tumbarse y escuchar, trabajar y escuchar, moverse y escuchar. Unas voces evocadoras, una trama interesante, un debate sobre algo que de verdad te importa. Infinitos temas a nuestra disposici\u00f3n, segmentados para ti. A priori parece mucho m\u00e1s relajado que consumir contenido audiovisual: quitar o poner audio, mover el dedito de arriba abajo, de derecha a izquierda, like, la piscina de la influencer otra vez, la vista cansada\u2026 Sea como fuere, el consumo de podcasts ha crecido un 25% en Espa\u00f1a desde la llegada del COVID convirtiendo la pandemia en la tormenta perfecta para confirmar que los podcast llegaron para quedarse.<\/p>\n\n\n\n<p class=\"has-text-align-center has-luminous-vivid-orange-color has-text-color has-medium-font-size\"><br><strong>El consumo de podcasts ha crecido un 25% en Espa\u00f1a desde la llegada del COVID.<\/strong><\/p>\n\n\n\n<p><\/p>\n\n\n\n<div style=\"height:26px\" aria-hidden=\"true\" class=\"wp-block-spacer\"><\/div>\n\n\n\n<p><\/p>\n\n\n\n<p><\/p>\n\n\n\n<p class=\"has-medium-font-size\"><strong>\u00bfQu\u00e9 ha contribuido para el crecimiento del podcast?<\/strong><\/p>\n\n\n\n<p>Pero la pandemia solo ha sido la punta del iceberg. Hay tres variables que sin ellas no habr\u00eda sido posible la hegemon\u00eda actual del audio.<\/p>\n\n\n\n<p>La <strong>sobreestimulaci\u00f3n <\/strong>a la que estamos expuestos todos los d\u00edas, es decir, <a href=\"https:\/\/www.naran-ho.com\/neuromarketing-y-la-sobre-estimulacion-sensorial\/#:~:text=La%20consecuencia%20de%20esta%20sobre,con%20los%20medios%20de%20comunicaci%C3%B3n.\" target=\"_blank\" rel=\"noopener\">el exceso de informaci\u00f3n<\/a> que recibimos por los canales visual a trav\u00e9s de numerosos medios: prensa, redes sociales, televisi\u00f3n, tabletas y tel\u00e9fonos m\u00f3viles, email, mensajer\u00eda instant\u00e1nea\u2026 Nuestro cerebro intenta ahorrar recursos y energ\u00eda. Solo queremos prestar atenci\u00f3n a algo cuando es importante y el audio es perfecto para ello, ya que es uno de los formatos de los medios de comunicaci\u00f3n que genera <a href=\"https:\/\/www.forbes.com\/sites\/forbesagencycouncil\/2019\/02\/08\/the-audio-boom-how-podcasts-are-changing-the-game-for-marketers\/?sh=5304c5644f73\" target=\"_blank\" rel=\"noopener\">m\u00e1s intimidad.<\/a> Escuchando, construyes tus propias im\u00e1genes de lo que escuchas en tu mente y creas tu propia representaci\u00f3n de lo que est\u00e1 pasando. Y ese engagement evocador, por supuesto, es algo nunca podr\u00e1 conseguir el video.<\/p>\n\n\n\n<figure class=\"wp-block-image size-large\"><img loading=\"lazy\" decoding=\"async\" width=\"1024\" height=\"683\" src=\"https:\/\/innocean.es\/wp-content\/uploads\/2022\/04\/pexels-anna-tarazevich-6136097-1024x683.jpg\" alt=\"\" class=\"wp-image-2311\" title=\"\" srcset=\"https:\/\/innocean.es\/wp-content\/uploads\/2022\/04\/pexels-anna-tarazevich-6136097-1024x683.jpg 1024w, https:\/\/innocean.es\/wp-content\/uploads\/2022\/04\/pexels-anna-tarazevich-6136097-300x200.jpg 300w, https:\/\/innocean.es\/wp-content\/uploads\/2022\/04\/pexels-anna-tarazevich-6136097-768x512.jpg 768w, https:\/\/innocean.es\/wp-content\/uploads\/2022\/04\/pexels-anna-tarazevich-6136097-1536x1024.jpg 1536w, https:\/\/innocean.es\/wp-content\/uploads\/2022\/04\/pexels-anna-tarazevich-6136097.jpg 1920w\" sizes=\"auto, (max-width: 1024px) 100vw, 1024px\" \/><\/figure>\n\n\n\n<p>Por otro lado, la creciente popularidad del audio se debe en gran medida a la <strong>tecnolog\u00eda<\/strong>, ya que los smartphones permiten consumir contenidos de audio a la carta en cualquier lugar, y adem\u00e1s los coches est\u00e1n cada vez m\u00e1s equipados con radio por sat\u00e9lite y consolas centrales con acceso a Internet.<\/p>\n\n\n\n<p>Finalmente, <strong>la variedad tem\u00e1tica del medio<\/strong>. Podcast especializados de los <a href=\"https:\/\/noticiasyopinionesindex.com\/podcast-la-nueva-radio-del-futuro\" target=\"_blank\" rel=\"noopener\">temas<\/a> m\u00e1s variados, ficciones, programas de actualidad, historia, informativos en diferido\u2026 Es decir, si buscas un tema seguramente lo puedas encontrar y si no es as\u00ed, siempre lo puedes crear.<\/p>\n\n\n\n<p>Es decir, <strong><u>los podcasts te permiten escuchar lo que quieres, cuando y donde quieres.<\/u><\/strong><\/p>\n\n\n\n<div style=\"height:35px\" aria-hidden=\"true\" class=\"wp-block-spacer\"><\/div>\n\n\n\n<p><\/p>\n\n\n\n<p><\/p>\n\n\n\n<p class=\"has-medium-font-size\"><strong>Breve historia del podcast<\/strong><\/p>\n\n\n\n<p>Pero rebobinemos un poco en el tiempo. Los audio podcasts no nacieron ayer mientras hac\u00edamos pan en casa, viv\u00edamos en pijama y ten\u00edamos el smartphone colgado del cuello todo el d\u00eda. \u00bfCu\u00e1l es la historia de este fen\u00f3meno?<\/p>\n\n\n\n<p>Para entender el origen de los Podcasts no podemos olvidarnos de la <a href=\"https:\/\/es.wikipedia.org\/wiki\/Radio_por_Internet\" target=\"_blank\" rel=\"noopener\"><strong>Radio online<\/strong><\/a> o <strong>Streamcasting<\/strong>. La primera&nbsp;estaci\u00f3n de radio&nbsp;por internet, Internet Talk Radio, fue desarrollada por&nbsp;<a href=\"https:\/\/es.wikipedia.org\/wiki\/Carl_Malumud\" target=\"_blank\" rel=\"noopener\">Carl Malumud<\/a>&nbsp;en 1993.<\/p>\n\n\n\n<p>A partir de finales del 2004, el uso de&nbsp;streamcasting&nbsp;de audio fue perdiendo puestos a favor del&nbsp;<a href=\"https:\/\/es.wikipedia.org\/wiki\/P%C3%B3dcast\" target=\"_blank\" rel=\"noopener\"><strong>Podcasting<\/strong><\/a>. T\u00e9rmino que fue acu\u00f1ado por primera vez por el periodista del diario ingl\u00e9s&nbsp;The Guardian,&nbsp;Ben Hammersley y <a href=\"https:\/\/www.lainformacion.com\/branded-content\/estar-donde-estes\/podcast-la-revolucion-del-audio\/2831136\/\" target=\"_blank\" rel=\"noopener\">deriva<\/a> de la uni\u00f3n de las siglas&nbsp;\u201c<em>pod\u201d (Personal On Demand)<\/em>&nbsp;y la abreviatura de&nbsp;\u201c<em>broadcast\u201d&nbsp;<\/em>(transmisi\u00f3n). Se define como el contenido de audio que cualquier usuario puede descargarse en un dispositivo para escucharlo en el momento o m\u00e1s tarde.<\/p>\n\n\n\n<p><\/p>\n\n\n\n<figure class=\"wp-block-image size-large is-style-default\"><img loading=\"lazy\" decoding=\"async\" width=\"1024\" height=\"683\" src=\"https:\/\/innocean.es\/wp-content\/uploads\/2022\/04\/pexels-burst-374777-1024x683.jpg\" alt=\"\" class=\"wp-image-2310\" title=\"\" srcset=\"https:\/\/innocean.es\/wp-content\/uploads\/2022\/04\/pexels-burst-374777-1024x683.jpg 1024w, https:\/\/innocean.es\/wp-content\/uploads\/2022\/04\/pexels-burst-374777-300x200.jpg 300w, https:\/\/innocean.es\/wp-content\/uploads\/2022\/04\/pexels-burst-374777-768x512.jpg 768w, https:\/\/innocean.es\/wp-content\/uploads\/2022\/04\/pexels-burst-374777-1536x1024.jpg 1536w, https:\/\/innocean.es\/wp-content\/uploads\/2022\/04\/pexels-burst-374777.jpg 1920w\" sizes=\"auto, (max-width: 1024px) 100vw, 1024px\" \/><\/figure>\n\n\n\n<div style=\"height:26px\" aria-hidden=\"true\" class=\"wp-block-spacer\"><\/div>\n\n\n\n<p class=\"has-medium-font-size\"><strong>\u00bfY las marcas? \u00bfPueden aprovechar <\/strong><a href=\"https:\/\/www.linkedin.com\/pulse\/tendencias-en-publicidad-digital-2022-mar%C3%ADa-l%C3%B3pez-valdemoro\/?originalSubdomain=es\" target=\"_blank\" rel=\"noopener\"><strong>el auge de este formato<\/strong><\/a><strong>?<\/strong><\/p>\n\n\n\n<p>Pueden y muchas llevan tiempo haci\u00e9ndolo.<\/p>\n\n\n\n<p>El nuevo audio se est\u00e1 convirtiendo en un transmisor de informaci\u00f3n y las marcas pueden aprovechar el momento para comunicarse con sus consumidores de forma menos intrusiva.<\/p>\n\n\n\n<p>El audio es m\u00e1s org\u00e1nico que el video y permite llegar mejor al target ya que el usuario elige lo que quiere escuchar y esto permite segmentaciones tan espec\u00edficas que de otra forma no podr\u00edan, a un coste menor que otros formatos.<\/p>\n\n\n\n<p>Los <a href=\"https:\/\/www.lainformacion.com\/branded-content\/estar-donde-estes\/podcast-la-revolucion-del-audio\/2831136\/\" target=\"_blank\" rel=\"noopener\">Branded podcast<\/a> son una herramienta perfecta para potenciar el valor de una marca. No son meros canales para vender productos, son la oportunidad de contar al mundo de una forma sincera y cercana, qui\u00e9n son, c\u00f3mo son y su prop\u00f3sito en nuestra sociedad.<\/p>\n\n\n\n<p>Pero el Branded podcast <a href=\"https:\/\/riverside.fm\/blog\/branded-podcasts\" target=\"_blank\" rel=\"noopener\">no es para todos<\/a> y solo deber\u00eda aconsejarse a aquellas marcas que tengan paciencia y contenidos \u00fatiles para su p\u00fablico objetivo. Contenidos que aporten valor y generen una aut\u00e9ntica relaci\u00f3n de confianza con su audiencia.<\/p>\n\n\n\n<p><\/p>\n\n\n\n<div style=\"height:26px\" aria-hidden=\"true\" class=\"wp-block-spacer\"><\/div>\n\n\n\n<p class=\"has-text-align-center has-luminous-vivid-orange-color has-text-color has-medium-font-size\"><strong>\u00bfY te preguntar\u00e1s, vale la pena crear un podcast para mi marca? \u00bfPor qu\u00e9 no invertir en acuerdos de patrocinio con podcasts populares ya existentes?<\/strong><\/p>\n\n\n\n<div style=\"height:26px\" aria-hidden=\"true\" class=\"wp-block-spacer\"><\/div>\n\n\n\n<p><\/p>\n\n\n\n<p>Por un lado, porque t\u00fa controlas el contenido. Es el contenido de tu marca y le pertenece. Es decir, puedes generar contenido propio que establezca una conexi\u00f3n m\u00e1s aut\u00e9ntica con la audiencia.<\/p>\n\n\n\n<p>Otra gran ventaja es que, a diferencia de la radio o la televisi\u00f3n, a las que accedes a una amplia franja de p\u00fablico potencial, los podcasts son buscados por personas que ya est\u00e1n interesadas en lo que quieras contar o en tu mercado.<\/p>\n\n\n\n<p>Pero como empresa -especialmente si es grande- es f\u00e1cil caer en la creencia de que un Branded podcast de marca es como cualquier otro canal de marketing. El lanzamiento de un podcast de marca no es lo mismo que una campa\u00f1a de publicidad. Se trata de un canal de comunicaci\u00f3n propio, que funciona a largo plazo, que alinea su prop\u00f3sito con el de las necesidades de sus clientes y que s\u00f3lo prosperar\u00e1 si se hace hincapi\u00e9 en el compromiso con sus oyentes.<\/p>\n\n\n\n<p><\/p>\n\n\n\n<p>Y si he picado vuestra curiosidad auditiva, aqu\u00ed os dejo algunos casos de \u00e9xito de marcas que han apostado por el Branded audio de formas muy diversas:<\/p>\n\n\n\n<ul class=\"wp-block-list\"><li>A nivel internacional, McDonald\u2019s se introdujo en el mundo de los podcast con una disculpa a sus consumidores. Cuando relanzaron su salsa Szechuan, lo hicieron de forma muy limitada provocando mucho malestar entre los fans de la salsa que hasta se hicieron camisetas expresando su molestia. McDonald\u00b4s respondi\u00f3 con <a href=\"https:\/\/g-omediastudios.kinja.com\/the-sauce-presented-by-mcdonalds-1831082047\" target=\"_blank\" rel=\"noopener\">\u201cThe Sauce\u201d<\/a> un podcast que en tono de humor explicaba lo ocurrido y ped\u00eda disculpas a los damnificados.<\/li><\/ul>\n\n\n\n<p><\/p>\n\n\n\n<ul class=\"wp-block-list\"><li>A nivel nacional, <a href=\"https:\/\/open.spotify.com\/show\/1W2zsjaag96OXP4eGkpAoM?si=Qm8jIvMzQrih4K64rEyOkw&amp;nd=1\" target=\"_blank\" rel=\"noopener\">Beauty Talks&nbsp;<\/a>de Sephora, la primera serie de podcast lanzada por la marca en nuestro pa\u00eds donde la actriz Ana Mil\u00e1n, bajo el lema \u00abLuce Tu Experiencia\u00bb, habla con mujeres referentes del mundo del cine, teatro y televisi\u00f3n, de bienestar, familia, crecimiento personal y profesional.<\/li><\/ul>\n\n\n\n<p><\/p>\n\n\n\n<ul class=\"wp-block-list\"><li>Tambi\u00e9n a nivel nacional tenemos <a href=\"https:\/\/seagramsgin.es\/contenidos\/hotel-jorge-juan\/\" target=\"_blank\" rel=\"noopener\">Hotel Jorge Juan<\/a>, el podcast de Vanity Fair para Seagram\u2019s que ya cuenta con 5 temporadas. Dirigido por Javier Aznar es uno de los podcast culturales m\u00e1s relevantes de nuestro pa\u00eds. Cada jueves Javier mantiene una conversaci\u00f3n abierta y distendida con un invitado\/a del mundo de la cultura, el periodismo, el arte o la actualidad, y por el que han pasado Toni Segarra, Manuel Jabois, Fernando Trueba, Isabel Coixet y Leila Guerriero, entre otros muchos.<\/li><\/ul>\n\n\n\n<div style=\"height:26px\" aria-hidden=\"true\" class=\"wp-block-spacer\"><\/div>\n\n\n\n<p>As\u00ed que ya sabes, amig@. Danos briefing y busquemos juntos un tema de tu marca que interese. Tus <em>brand lovers <\/em>quieren escuchar lo que tienes que decirles. Y recuerda, abre bien los o\u00eddos porque el futuro, se escucha alto y claro.&nbsp;<\/p>\n\n\n\n<p><\/p>\n","protected":false},"excerpt":{"rendered":"<p>De los creadores de \u201cel video es el rey\u201d, llega \u201cel audio es el rey\u201d. \u00bfQui\u00e9n nos lo iba a decir? Cuando la radio para muchos parec\u00eda un medio en v\u00edas de extinci\u00f3n llega el audio podcast, la nueva radio, y revienta las estad\u00edsticas. La radio no ha muerto, se ha reinventado gracias a internet &#8230;<\/p>\n","protected":false},"author":1,"featured_media":2314,"menu_order":0,"comment_status":"open","ping_status":"open","template":"","format":"standard","meta":{"footnotes":""},"categorias_noticias":[48],"tags_noticias":[24,53,54],"archivos_noticias":[47],"class_list":["post-2306","noticias","type-noticias","status-publish","format-standard","has-post-thumbnail","hentry","categorias_noticias-blog","tags_noticias-marketing","tags_noticias-podcast","tags_noticias-tendencias","archivos_noticias-abril_2022"],"_links":{"self":[{"href":"https:\/\/innocean.es\/index.php\/wp-json\/wp\/v2\/noticias\/2306","targetHints":{"allow":["GET"]}}],"collection":[{"href":"https:\/\/innocean.es\/index.php\/wp-json\/wp\/v2\/noticias"}],"about":[{"href":"https:\/\/innocean.es\/index.php\/wp-json\/wp\/v2\/types\/noticias"}],"author":[{"embeddable":true,"href":"https:\/\/innocean.es\/index.php\/wp-json\/wp\/v2\/users\/1"}],"replies":[{"embeddable":true,"href":"https:\/\/innocean.es\/index.php\/wp-json\/wp\/v2\/comments?post=2306"}],"version-history":[{"count":16,"href":"https:\/\/innocean.es\/index.php\/wp-json\/wp\/v2\/noticias\/2306\/revisions"}],"predecessor-version":[{"id":2376,"href":"https:\/\/innocean.es\/index.php\/wp-json\/wp\/v2\/noticias\/2306\/revisions\/2376"}],"wp:featuredmedia":[{"embeddable":true,"href":"https:\/\/innocean.es\/index.php\/wp-json\/wp\/v2\/media\/2314"}],"wp:attachment":[{"href":"https:\/\/innocean.es\/index.php\/wp-json\/wp\/v2\/media?parent=2306"}],"wp:term":[{"taxonomy":"categorias_noticias","embeddable":true,"href":"https:\/\/innocean.es\/index.php\/wp-json\/wp\/v2\/categorias_noticias?post=2306"},{"taxonomy":"tags_noticias","embeddable":true,"href":"https:\/\/innocean.es\/index.php\/wp-json\/wp\/v2\/tags_noticias?post=2306"},{"taxonomy":"archivos_noticias","embeddable":true,"href":"https:\/\/innocean.es\/index.php\/wp-json\/wp\/v2\/archivos_noticias?post=2306"}],"curies":[{"name":"wp","href":"https:\/\/api.w.org\/{rel}","templated":true}]}}